{"id":1760,"date":"2023-11-13T09:45:47","date_gmt":"2023-11-13T17:45:47","guid":{"rendered":"https:\/\/onlineacademiccommunity.uvic.ca\/comarts\/?p=1760"},"modified":"2023-11-13T09:45:47","modified_gmt":"2023-11-13T17:45:47","slug":"gaby-franger-publications","status":"publish","type":"post","link":"https:\/\/onlineacademiccommunity.uvic.ca\/comarts\/2023\/11\/13\/gaby-franger-publications\/","title":{"rendered":"Gaby Franger Publications"},"content":{"rendered":"<p style=\"font-weight: 400\">Franger, G. (2023). <em>Else Oppler. Eine au\u00dfergew\u00f6hnliche K\u00fcnstlerin 1875 \u2013 1965<\/em>. (Else Oppler. An extraordinary artist). N\u00fcrnberg: Frauen in der Einen Welt.<\/p>\n<p style=\"font-weight: 400\"><strong><a href=\"https:\/\/onlineacademiccommunity.uvic.ca\/comarts\/wp-content\/uploads\/sites\/3036\/2023\/11\/Else-Oppler-Buchtitel-scaled.jpg\"><img loading=\"lazy\" decoding=\"async\" class=\"alignnone size-medium wp-image-1721\" src=\"https:\/\/onlineacademiccommunity.uvic.ca\/comarts\/wp-content\/uploads\/sites\/3036\/2023\/11\/Else-Oppler-Buchtitel-620x744.jpg\" alt=\"\" width=\"620\" height=\"744\" srcset=\"https:\/\/onlineacademiccommunity.uvic.ca\/comarts\/wp-content\/uploads\/sites\/3036\/2023\/11\/Else-Oppler-Buchtitel-620x744.jpg 620w, https:\/\/onlineacademiccommunity.uvic.ca\/comarts\/wp-content\/uploads\/sites\/3036\/2023\/11\/Else-Oppler-Buchtitel-1000x1200.jpg 1000w, https:\/\/onlineacademiccommunity.uvic.ca\/comarts\/wp-content\/uploads\/sites\/3036\/2023\/11\/Else-Oppler-Buchtitel-768x922.jpg 768w, https:\/\/onlineacademiccommunity.uvic.ca\/comarts\/wp-content\/uploads\/sites\/3036\/2023\/11\/Else-Oppler-Buchtitel-1280x1536.jpg 1280w, https:\/\/onlineacademiccommunity.uvic.ca\/comarts\/wp-content\/uploads\/sites\/3036\/2023\/11\/Else-Oppler-Buchtitel-1706x2048.jpg 1706w\" sizes=\"auto, (max-width: 620px) 100vw, 620px\" \/><\/a>&nbsp;<\/strong><\/p>\n<p style=\"font-weight: 400\">Auer, S, Franger, G. &amp; Niehoff-Hack, A. (Eds) (2022). <em>Plakat Kunst. Poster Art<\/em>. N\u00fcrnberg: Frauen in der Einen Welt.<\/p>\n<p style=\"font-weight: 400\">&nbsp;<\/p>\n<p style=\"font-weight: 400\">Bala, E,. Franger, G.&amp; Jakovljevi\u0107-\u0160evi\u0107, T. (2022): <em>Oko Glave, Razli\u010diti diskursi marame kao kulturnoc ozhna\u010ditelja.<\/em> (Around the head. Discourses on the meaning of the headscarf). Novi Sad.<\/p>\n<p style=\"font-weight: 400\">&nbsp;<\/p>\n<p style=\"font-weight: 400\">Cyprian, G., Franger, G.&amp; Ghanem, R. (Eds) (2021) <em>Technik#Weiblich#Logisch. Digital. Gendergerecht. Nachhaltig.<\/em> (<strong>Technology#Female#<\/strong><em>Logical<\/em><strong> &#8211; digital, equitable, sustainable<\/strong><strong>).<\/strong> N\u00fcrnberg: Frauen in der Einen Welt. <a href=\"https:\/\/www.frauenindereinenwelt.de\/de\/DE_Publikationen\/DE_Kataloge\/DE_2020-22_Technik-Weiblich-Logisch\">https:\/\/www.frauenindereinenwelt.de\/de\/DE_Publikationen\/DE_Kataloge\/DE_2020-22_Technik-Weiblich-Logisch<\/a>.<\/p>\n<p style=\"font-weight: 400\">&nbsp;<\/p>\n<p style=\"font-weight: 400\">Clover, D., Franger, G. (2021). Cultures of Headscarves. Feminist Adult Intercultural Education Through a Challenging Exhibition, in: Kathy Sanford, Darlene E. Clover, Nancy Taber, und Sarah Williamson: <em>Feminist Critique and the Museum<\/em>, Brill | Sense, S. 284-305<\/p>\n<p style=\"font-weight: 400\">&nbsp;<\/p>\n<p style=\"font-weight: 400\">Franger, G., Sch\u00f6nweger, A. (2021): Cultures of headscarves: Intercultural Education through a Challenging Feminist Exhibition, in: Clover, D. E., Dzulkifli, S., Gelderman, H., &amp; Sanford, K. <em>Feminist Adult Educators\u2019 Guide to Aesthetic, Creative and<\/em> <em>Disruptive Strategies in Museums and Community<\/em>. University of Victoria Gender Justice, Creative Pedagogies and Arts- Based Research Group. https:\/\/onlineacademiccommunity.uvic.ca\/comarts\/feminist-adult-educators-guide\/.<\/p>\n<p style=\"font-weight: 400\"><strong>&nbsp;<\/strong><\/p>\n<p style=\"font-weight: 400\">Franger, G. (2019) Dialogue for reconciliation: Exhibition concepts. In Akkent, M.. Kovar, N. <em>Feminist Pedagogy: Museums, Memory Sites and Practices of Remembrance<\/em>. Istanbul Publication of Istanbul Women&#8217;s Museum, p. 244-251.<\/p>\n<p style=\"font-weight: 400\">&nbsp;<\/p>\n<p style=\"font-weight: 400\">Franger, G. (Ed.) (2019) <em>Alltag, Erinnerung, Kunst und Aktion. R\u00fcckblick nach Vorne<\/em>. (Daily Life, Memory, Art and Action. <em>Retrospektive Back to the Future<\/em><em>).<\/em> N\u00fcrnberg: Frauen in der Einen Welt.<\/p>\n<p style=\"font-weight: 400\">&nbsp;<\/p>\n<p style=\"font-weight: 400\">Franger, G. (2019) Artivismus \u2013 Kreativer Widerstand. (Artivism \u2013 Creative Resistance). In <em>Frieden ist eine Kunst. Kultur, Konflikt und Widerstand.<\/em> Bund f\u00fcr Soziale Verteidigung e. V. Hintergrund- und Diskussionspapier, No. 65, June, p. 44-52.<\/p>\n<p style=\"font-weight: 400\">&nbsp;<\/p>\n<p style=\"font-weight: 400\">Bala, E., Franger, G. (Eds). (2019) &nbsp;(<em>How feminine is the city? F\u00fcrth and its Sister Cities Limoges, Marmaris, Midoun, Paisley, Xylokastro. <\/em>&nbsp;Midoun.<\/p>\n<p style=\"font-weight: 400\"><a href=\"https:\/\/www.frauenindereinenwelt.de\/de\/DE_Publikationen\/DE_Kataloge\/DE-arab_2018_weibliche_Stadt\">https:\/\/www.frauenindereinenwelt.de\/de\/DE_Publikationen\/DE_Kataloge\/DE-arab_2018_weibliche_Stadt<\/a>.<\/p>\n<p style=\"font-weight: 400\"><a href=\"https:\/\/onlineacademiccommunity.uvic.ca\/comarts\/wp-content\/uploads\/sites\/3036\/2023\/11\/How-female-is-the-city_Arabic-language.webp\"><img loading=\"lazy\" decoding=\"async\" class=\"alignnone size-medium wp-image-1724\" src=\"https:\/\/onlineacademiccommunity.uvic.ca\/comarts\/wp-content\/uploads\/sites\/3036\/2023\/11\/How-female-is-the-city_Arabic-language-620x763.webp\" alt=\"\" width=\"620\" height=\"763\" srcset=\"https:\/\/onlineacademiccommunity.uvic.ca\/comarts\/wp-content\/uploads\/sites\/3036\/2023\/11\/How-female-is-the-city_Arabic-language-620x763.webp 620w, https:\/\/onlineacademiccommunity.uvic.ca\/comarts\/wp-content\/uploads\/sites\/3036\/2023\/11\/How-female-is-the-city_Arabic-language-1000x1230.webp 1000w, https:\/\/onlineacademiccommunity.uvic.ca\/comarts\/wp-content\/uploads\/sites\/3036\/2023\/11\/How-female-is-the-city_Arabic-language-768x945.webp 768w, https:\/\/onlineacademiccommunity.uvic.ca\/comarts\/wp-content\/uploads\/sites\/3036\/2023\/11\/How-female-is-the-city_Arabic-language-1249x1536.webp 1249w, https:\/\/onlineacademiccommunity.uvic.ca\/comarts\/wp-content\/uploads\/sites\/3036\/2023\/11\/How-female-is-the-city_Arabic-language.webp 1600w\" sizes=\"auto, (max-width: 620px) 100vw, 620px\" \/><\/a><\/p>\n<p style=\"font-weight: 400\">Franger, G. (2018) <em>Frida Folk<\/em>. Chennai: Tara Publisher.<\/p>\n<p><a href=\"https:\/\/onlineacademiccommunity.uvic.ca\/comarts\/wp-content\/uploads\/sites\/3036\/2023\/11\/Frida-Folk.png\"><img loading=\"lazy\" decoding=\"async\" class=\"alignnone size-full wp-image-1723\" src=\"https:\/\/onlineacademiccommunity.uvic.ca\/comarts\/wp-content\/uploads\/sites\/3036\/2023\/11\/Frida-Folk.png\" alt=\"\" width=\"480\" height=\"511\"><\/a><\/p>\n<p style=\"font-weight: 400\">&nbsp;<\/p>\n<p style=\"font-weight: 400\">Bala, E., Franger, G. (Eds) (2018). <em>Wie weiblich ist die Stadt? Was Kommunen k\u00f6nnen und was Frauen leisten<\/em>. N\u00fcrnberg: Frauen in der Einen Welt.<\/p>\n<p style=\"font-weight: 400\"><strong>&nbsp;<\/strong><\/p>\n<p style=\"font-weight: 400\">Franger, G. (2017). Discovering Commonalities in Apparent Differences \u2013 Changing the Perspective on the Self and the Other. In Akkent, Meral (Ed) <em>Women&#8217;s museums: Centre of Social Memory, and Place of Inclusion<\/em>, Istanbul: Publications of Women&#8217;s Museum Istanbul, p. 166-179.<\/p>\n<p style=\"font-weight: 400\">&nbsp;<\/p>\n<p style=\"font-weight: 400\">Cyprian, G., Franger, G. (Eds) (2017): <em>ausgekocht?<\/em> (<strong>The end of cooking? boiled out?).<\/strong> N\u00fcrnberg: Frauen in der Einen Welt.<\/p>\n<p style=\"font-weight: 400\"><a href=\"https:\/\/www.frauenindereinenwelt.de\/de\/DE_Publikationen\/DE_Kataloge\/DE_2016-17_ausgekocht\">https:\/\/www.frauenindereinenwelt.de\/de\/DE_Publikationen\/DE_Kataloge\/DE_2016-17_ausgekocht<\/a>.<\/p>\n<p><a href=\"https:\/\/onlineacademiccommunity.uvic.ca\/comarts\/wp-content\/uploads\/sites\/3036\/2023\/11\/Boiled-out-scaled.jpg\"><img loading=\"lazy\" decoding=\"async\" class=\"alignnone size-medium wp-image-1720\" src=\"https:\/\/onlineacademiccommunity.uvic.ca\/comarts\/wp-content\/uploads\/sites\/3036\/2023\/11\/Boiled-out-620x744.jpg\" alt=\"\" width=\"620\" height=\"744\" srcset=\"https:\/\/onlineacademiccommunity.uvic.ca\/comarts\/wp-content\/uploads\/sites\/3036\/2023\/11\/Boiled-out-620x744.jpg 620w, https:\/\/onlineacademiccommunity.uvic.ca\/comarts\/wp-content\/uploads\/sites\/3036\/2023\/11\/Boiled-out-1000x1200.jpg 1000w, https:\/\/onlineacademiccommunity.uvic.ca\/comarts\/wp-content\/uploads\/sites\/3036\/2023\/11\/Boiled-out-768x922.jpg 768w, https:\/\/onlineacademiccommunity.uvic.ca\/comarts\/wp-content\/uploads\/sites\/3036\/2023\/11\/Boiled-out-1280x1536.jpg 1280w, https:\/\/onlineacademiccommunity.uvic.ca\/comarts\/wp-content\/uploads\/sites\/3036\/2023\/11\/Boiled-out-1706x2048.jpg 1706w\" sizes=\"auto, (max-width: 620px) 100vw, 620px\" \/><\/a><\/p>\n<p style=\"font-weight: 400\">&nbsp;<\/p>\n<p style=\"font-weight: 400\">Franger, G. (Ed). (2015). <em>Kriegssocken und Peacemakerinnen<\/em>. (War socks and Peacemakers). N\u00fcrnberg: Frauen in der Einen Welt.&nbsp;&nbsp;&nbsp;&nbsp;<\/p>\n<p style=\"font-weight: 400\"><a href=\"https:\/\/onlineacademiccommunity.uvic.ca\/comarts\/wp-content\/uploads\/sites\/3036\/2023\/11\/War-Socks-and-women-peace-maker-scaled.jpg\"><img loading=\"lazy\" decoding=\"async\" class=\"alignnone size-medium wp-image-1726\" src=\"https:\/\/onlineacademiccommunity.uvic.ca\/comarts\/wp-content\/uploads\/sites\/3036\/2023\/11\/War-Socks-and-women-peace-maker-620x745.jpg\" alt=\"\" width=\"620\" height=\"745\" srcset=\"https:\/\/onlineacademiccommunity.uvic.ca\/comarts\/wp-content\/uploads\/sites\/3036\/2023\/11\/War-Socks-and-women-peace-maker-620x745.jpg 620w, https:\/\/onlineacademiccommunity.uvic.ca\/comarts\/wp-content\/uploads\/sites\/3036\/2023\/11\/War-Socks-and-women-peace-maker-1000x1202.jpg 1000w, https:\/\/onlineacademiccommunity.uvic.ca\/comarts\/wp-content\/uploads\/sites\/3036\/2023\/11\/War-Socks-and-women-peace-maker-768x923.jpg 768w, https:\/\/onlineacademiccommunity.uvic.ca\/comarts\/wp-content\/uploads\/sites\/3036\/2023\/11\/War-Socks-and-women-peace-maker-1278x1536.jpg 1278w, https:\/\/onlineacademiccommunity.uvic.ca\/comarts\/wp-content\/uploads\/sites\/3036\/2023\/11\/War-Socks-and-women-peace-maker-1704x2048.jpg 1704w\" sizes=\"auto, (max-width: 620px) 100vw, 620px\" \/><\/a>&nbsp;&nbsp;&nbsp;&nbsp;&nbsp;&nbsp;&nbsp;&nbsp;&nbsp;&nbsp;&nbsp;&nbsp;&nbsp;&nbsp;&nbsp;&nbsp;&nbsp;&nbsp;&nbsp;&nbsp;&nbsp;&nbsp;&nbsp;&nbsp;&nbsp;&nbsp;&nbsp;&nbsp;&nbsp;&nbsp;&nbsp;&nbsp;&nbsp;&nbsp;&nbsp;&nbsp;&nbsp;&nbsp;&nbsp;&nbsp;&nbsp;&nbsp;&nbsp;&nbsp;&nbsp;&nbsp;&nbsp;&nbsp;&nbsp;&nbsp;&nbsp;&nbsp;&nbsp;&nbsp;&nbsp;&nbsp;&nbsp;&nbsp;&nbsp;&nbsp;&nbsp;&nbsp;&nbsp;&nbsp;&nbsp;&nbsp;&nbsp;&nbsp;&nbsp;&nbsp;&nbsp;&nbsp;&nbsp;&nbsp;&nbsp;&nbsp;&nbsp;&nbsp;&nbsp;&nbsp;&nbsp;&nbsp;&nbsp;&nbsp;&nbsp;&nbsp;&nbsp;&nbsp;&nbsp;&nbsp;&nbsp;&nbsp;&nbsp;&nbsp;&nbsp;&nbsp;&nbsp;&nbsp;&nbsp;&nbsp;&nbsp;&nbsp;&nbsp;&nbsp;&nbsp;&nbsp;&nbsp;&nbsp;&nbsp;&nbsp;&nbsp;&nbsp;&nbsp;&nbsp;&nbsp;&nbsp;&nbsp;&nbsp;&nbsp;&nbsp;&nbsp;&nbsp;&nbsp;&nbsp;&nbsp;<\/p>\n<p style=\"font-weight: 400\">&nbsp;<\/p>\n<p style=\"font-weight: 400\">Franger, G. (2014). Arpilleras \u2013 arte textile testimonial de mujeres en el Per\u00fa entre elaboraci\u00f3n del trauma, denuncia y medio de subsistencia. (Arpilleras &#8211; women&#8217;s testimonial textile art in Peru between trauma elaboration, denunciation and means of subsistence). In <em>Per\u00fa: Medios, Memoria y violencia. <\/em><em>Lima, p. 157-174.<\/em><\/p>\n<p style=\"font-weight: 400\"><a href=\"https:\/\/onlineacademiccommunity.uvic.ca\/comarts\/wp-content\/uploads\/sites\/3036\/2023\/11\/Arpilleras-1988.jpg\"><img loading=\"lazy\" decoding=\"async\" class=\"alignnone size-medium wp-image-1719\" src=\"https:\/\/onlineacademiccommunity.uvic.ca\/comarts\/wp-content\/uploads\/sites\/3036\/2023\/11\/Arpilleras-1988-620x891.jpg\" alt=\"\" width=\"620\" height=\"891\" srcset=\"https:\/\/onlineacademiccommunity.uvic.ca\/comarts\/wp-content\/uploads\/sites\/3036\/2023\/11\/Arpilleras-1988-620x891.jpg 620w, https:\/\/onlineacademiccommunity.uvic.ca\/comarts\/wp-content\/uploads\/sites\/3036\/2023\/11\/Arpilleras-1988-1000x1437.jpg 1000w, https:\/\/onlineacademiccommunity.uvic.ca\/comarts\/wp-content\/uploads\/sites\/3036\/2023\/11\/Arpilleras-1988-768x1103.jpg 768w, https:\/\/onlineacademiccommunity.uvic.ca\/comarts\/wp-content\/uploads\/sites\/3036\/2023\/11\/Arpilleras-1988-1069x1536.jpg 1069w, https:\/\/onlineacademiccommunity.uvic.ca\/comarts\/wp-content\/uploads\/sites\/3036\/2023\/11\/Arpilleras-1988-1425x2048.jpg 1425w, https:\/\/onlineacademiccommunity.uvic.ca\/comarts\/wp-content\/uploads\/sites\/3036\/2023\/11\/Arpilleras-1988.jpg 1669w\" sizes=\"auto, (max-width: 620px) 100vw, 620px\" \/><\/a><\/p>\n<p style=\"font-weight: 400\">Franger, G. (2014). Survival-Empowerment \u2013 Courage: Insights into the History and Developments of Peruvian Arpilleras. In Marjorie Agos\u00edn (Ed): <em>Stitching Resistance. <\/em><em>Women, Creativity, and Fiber Arts,<\/em> Kent, p. 101-118.<\/p>\n<p style=\"font-weight: 400\">&nbsp;<\/p>\n<p style=\"font-weight: 400\">Franger, G. (Ed.) (2009). <em>Schicksalsf\u00e4den. Geschichten in Stoff von Gewalt, Hoffen und \u00dcberleben<\/em>.(Threads of destiny: Testimonies of violence, hope and survival). N\u00fcrnberg: Frauen in der Einen Welt. <a href=\"https:\/\/www.frauenindereinenwelt.de\/de\/DE_Publikationen\/DE_Kataloge\/DE_2009_Schicksalsfaeden\">https:\/\/www.frauenindereinenwelt.de\/de\/DE_Publikationen\/DE_Kataloge\/DE_2009_Schicksalsfaeden<\/a>.<\/p>\n<p style=\"font-weight: 400\">&nbsp;<\/p>\n<p style=\"font-weight: 400\">Bennewitz, N., Franger.G. (Eds) (2003): Geschichte der Frauen in Mittelfranken. Alltag, Personen und Orte, (History of the women in Middle Franconia. Everyday life, people and places). Cadolzburg: Ars Vivendi.<\/p>\n<p style=\"font-weight: 400\"><strong>&nbsp;<\/strong><\/p>\n<p style=\"font-weight: 400\">Bennewitz, N., Franger.G. (Eds) (1999): Am Anfang war Sigena. Ein N\u00fcrnberger Frauengeschichtsbuch. (In the Beginning was Sigena. A Nuremberg women&#8217;s history book). Cadolzburg: Ars Vivendi.<\/p>\n<p style=\"font-weight: 400\"><strong>&nbsp;<\/strong><\/p>\n<p style=\"font-weight: 400\">Franger, G. (Ed).(1998). <em>Verflechtungen- Korbmacherinnen in Zambia und in Oberfranken<\/em>, (Entanglements \u2013 female basket makers in Zambia and Upper Franconia). N\u00fcrnberg: Frauen in der Einen Welt.<\/p>\n<p style=\"font-weight: 400\">&nbsp;<\/p>\n<p style=\"font-weight: 400\">Franger, G. <em>(Ed) (1995, 1996).<\/em> <em>The art of survival. Fabric Images of Women\u2019s Daily Lives<\/em>, Madras und N\u00fcrnberg (German, Russian and English).<\/p>\n<p style=\"font-weight: 400\"><strong>&nbsp;<\/strong><\/p>\n<p style=\"font-weight: 400\">Franger, G., Pablo, M. (Eds) (1994) Abenteuer Ehe. Heiratsmigrantinnen gestern und heute. (The adventure of marriage. Marriage migrants yesterday and today). N\u00fcrnberg: Frauen in der Einen Welt.<\/p>\n<p style=\"font-weight: 400\">&nbsp;<\/p>\n<p style=\"font-weight: 400\">Franger, G. (Ed) (1992) \u201e<em>Das h\u00e4tte ich mir nicht tr\u00e4umen lassen, da\u00df ich mal Indianerw\u00e4sche auf meine W\u00e4schelein\u2019 h\u00e4ng<\/em>.\u201c <em>Begegnungen\u2013 Aymarab\u00e4uerin in Franken, der Oberpfalz und \u00d6sterr<\/em>eich. (\u201cI never dreamed that I would be hanging Indian laundry on my clothes.\u201c Encounters) N\u00fcrnberg: Frauen in der Einen Welt.<\/p>\n<p><a href=\"https:\/\/onlineacademiccommunity.uvic.ca\/comarts\/wp-content\/uploads\/sites\/3036\/2023\/11\/Encounters-Aymara_-Franconia-scaled.jpg\"><img loading=\"lazy\" decoding=\"async\" class=\"alignnone size-medium wp-image-1722\" src=\"https:\/\/onlineacademiccommunity.uvic.ca\/comarts\/wp-content\/uploads\/sites\/3036\/2023\/11\/Encounters-Aymara_-Franconia-620x828.jpg\" alt=\"\" width=\"620\" height=\"828\" srcset=\"https:\/\/onlineacademiccommunity.uvic.ca\/comarts\/wp-content\/uploads\/sites\/3036\/2023\/11\/Encounters-Aymara_-Franconia-620x828.jpg 620w, https:\/\/onlineacademiccommunity.uvic.ca\/comarts\/wp-content\/uploads\/sites\/3036\/2023\/11\/Encounters-Aymara_-Franconia-1000x1335.jpg 1000w, https:\/\/onlineacademiccommunity.uvic.ca\/comarts\/wp-content\/uploads\/sites\/3036\/2023\/11\/Encounters-Aymara_-Franconia-768x1025.jpg 768w, https:\/\/onlineacademiccommunity.uvic.ca\/comarts\/wp-content\/uploads\/sites\/3036\/2023\/11\/Encounters-Aymara_-Franconia-1150x1536.jpg 1150w, https:\/\/onlineacademiccommunity.uvic.ca\/comarts\/wp-content\/uploads\/sites\/3036\/2023\/11\/Encounters-Aymara_-Franconia-1534x2048.jpg 1534w, https:\/\/onlineacademiccommunity.uvic.ca\/comarts\/wp-content\/uploads\/sites\/3036\/2023\/11\/Encounters-Aymara_-Franconia-scaled.jpg 1917w\" sizes=\"auto, (max-width: 620px) 100vw, 620px\" \/><\/a><\/p>\n<p style=\"font-weight: 400\">&nbsp;<\/p>\n<p style=\"font-weight: 400\">Franger, G., Scheub, U. (Eds). (1991<em>).<\/em> \u201e<em>Wir werden nicht schweigen\u201c. Frauengeschichten aus Israel und Pal\u00e4stina.<\/em> (&#8220;We Will Not Be Silent.&#8221; Women&#8217;s Stories from Israel and Palestine). N\u00fcrnberg: Frauen in der Einen Welt.<\/p>\n<p><a href=\"https:\/\/onlineacademiccommunity.uvic.ca\/comarts\/wp-content\/uploads\/sites\/3036\/2023\/11\/We-will-not-be-silent.-Israel-Palestine-1991-scaled.jpg\"><img loading=\"lazy\" decoding=\"async\" class=\"alignnone size-medium wp-image-1761\" src=\"https:\/\/onlineacademiccommunity.uvic.ca\/comarts\/wp-content\/uploads\/sites\/3036\/2023\/11\/We-will-not-be-silent.-Israel-Palestine-1991-620x833.jpg\" alt=\"\" width=\"620\" height=\"833\" srcset=\"https:\/\/onlineacademiccommunity.uvic.ca\/comarts\/wp-content\/uploads\/sites\/3036\/2023\/11\/We-will-not-be-silent.-Israel-Palestine-1991-620x833.jpg 620w, https:\/\/onlineacademiccommunity.uvic.ca\/comarts\/wp-content\/uploads\/sites\/3036\/2023\/11\/We-will-not-be-silent.-Israel-Palestine-1991-1000x1344.jpg 1000w, https:\/\/onlineacademiccommunity.uvic.ca\/comarts\/wp-content\/uploads\/sites\/3036\/2023\/11\/We-will-not-be-silent.-Israel-Palestine-1991-768x1032.jpg 768w, https:\/\/onlineacademiccommunity.uvic.ca\/comarts\/wp-content\/uploads\/sites\/3036\/2023\/11\/We-will-not-be-silent.-Israel-Palestine-1991-1143x1536.jpg 1143w, https:\/\/onlineacademiccommunity.uvic.ca\/comarts\/wp-content\/uploads\/sites\/3036\/2023\/11\/We-will-not-be-silent.-Israel-Palestine-1991-1524x2048.jpg 1524w, https:\/\/onlineacademiccommunity.uvic.ca\/comarts\/wp-content\/uploads\/sites\/3036\/2023\/11\/We-will-not-be-silent.-Israel-Palestine-1991-scaled.jpg 1905w\" sizes=\"auto, (max-width: 620px) 100vw, 620px\" \/><\/a><\/p>\n<p style=\"font-weight: 400\"><strong>&nbsp;<\/strong><\/p>\n<p style=\"font-weight: 400\">Franger, G. (1988) Arpilleras, Cuadros que hablan. Vida cotidiana y organizaci\u00f3n de mujeres, Lima.<\/p>\n<p style=\"font-weight: 400\"><strong>&nbsp;<\/strong><\/p>\n<p style=\"font-weight: 400\">Akkent, M., Franger,G. (Eds). (1987). <em>Das Kopftuch, Ein St\u00fcckchen Stoff in Geschichte und Gegenwar<\/em>t. (The headscarf, a piece of fabric in the past and present.) Frankfurt: Da\u011fyeli Verlag (German and Turkish).<\/p>\n<p><a href=\"https:\/\/onlineacademiccommunity.uvic.ca\/comarts\/wp-content\/uploads\/sites\/3036\/2023\/11\/Headscarf-1987-scaled.jpg\"><img loading=\"lazy\" decoding=\"async\" class=\"alignnone size-medium wp-image-1725\" src=\"https:\/\/onlineacademiccommunity.uvic.ca\/comarts\/wp-content\/uploads\/sites\/3036\/2023\/11\/Headscarf-1987-620x876.jpg\" alt=\"\" width=\"620\" height=\"876\" srcset=\"https:\/\/onlineacademiccommunity.uvic.ca\/comarts\/wp-content\/uploads\/sites\/3036\/2023\/11\/Headscarf-1987-620x876.jpg 620w, https:\/\/onlineacademiccommunity.uvic.ca\/comarts\/wp-content\/uploads\/sites\/3036\/2023\/11\/Headscarf-1987-1000x1413.jpg 1000w, https:\/\/onlineacademiccommunity.uvic.ca\/comarts\/wp-content\/uploads\/sites\/3036\/2023\/11\/Headscarf-1987-768x1085.jpg 768w, https:\/\/onlineacademiccommunity.uvic.ca\/comarts\/wp-content\/uploads\/sites\/3036\/2023\/11\/Headscarf-1987-1087x1536.jpg 1087w, https:\/\/onlineacademiccommunity.uvic.ca\/comarts\/wp-content\/uploads\/sites\/3036\/2023\/11\/Headscarf-1987-1450x2048.jpg 1450w, https:\/\/onlineacademiccommunity.uvic.ca\/comarts\/wp-content\/uploads\/sites\/3036\/2023\/11\/Headscarf-1987-scaled.jpg 1812w\" sizes=\"auto, (max-width: 620px) 100vw, 620px\" \/><\/a><\/p>\n","protected":false},"excerpt":{"rendered":"<p>Franger, G. (2023). Else Oppler. Eine au\u00dfergew\u00f6hnliche K\u00fcnstlerin 1875 \u2013 1965. (Else Oppler. An extraordinary artist). N\u00fcrnberg: Frauen in der Einen Welt. &nbsp; Auer, S, Franger, G. &amp; Niehoff-Hack, A. (Eds) (2022). Plakat Kunst. Poster Art. N\u00fcrnberg: Frauen in der Einen Welt. &nbsp; Bala, E,. Franger, G.&amp; Jakovljevi\u0107-\u0160evi\u0107, T. (2022): Oko Glave, Razli\u010diti diskursi marame [&hellip;]<\/p>\n","protected":false},"author":19351,"featured_media":0,"comment_status":"closed","ping_status":"closed","sticky":false,"template":"","format":"standard","meta":{"ngg_post_thumbnail":0,"footnotes":""},"categories":[1],"tags":[],"class_list":["post-1760","post","type-post","status-publish","format-standard","hentry","category-uncategorized"],"_links":{"self":[{"href":"https:\/\/onlineacademiccommunity.uvic.ca\/comarts\/wp-json\/wp\/v2\/posts\/1760","targetHints":{"allow":["GET"]}}],"collection":[{"href":"https:\/\/onlineacademiccommunity.uvic.ca\/comarts\/wp-json\/wp\/v2\/posts"}],"about":[{"href":"https:\/\/onlineacademiccommunity.uvic.ca\/comarts\/wp-json\/wp\/v2\/types\/post"}],"author":[{"embeddable":true,"href":"https:\/\/onlineacademiccommunity.uvic.ca\/comarts\/wp-json\/wp\/v2\/users\/19351"}],"replies":[{"embeddable":true,"href":"https:\/\/onlineacademiccommunity.uvic.ca\/comarts\/wp-json\/wp\/v2\/comments?post=1760"}],"version-history":[{"count":1,"href":"https:\/\/onlineacademiccommunity.uvic.ca\/comarts\/wp-json\/wp\/v2\/posts\/1760\/revisions"}],"predecessor-version":[{"id":1762,"href":"https:\/\/onlineacademiccommunity.uvic.ca\/comarts\/wp-json\/wp\/v2\/posts\/1760\/revisions\/1762"}],"wp:attachment":[{"href":"https:\/\/onlineacademiccommunity.uvic.ca\/comarts\/wp-json\/wp\/v2\/media?parent=1760"}],"wp:term":[{"taxonomy":"category","embeddable":true,"href":"https:\/\/onlineacademiccommunity.uvic.ca\/comarts\/wp-json\/wp\/v2\/categories?post=1760"},{"taxonomy":"post_tag","embeddable":true,"href":"https:\/\/onlineacademiccommunity.uvic.ca\/comarts\/wp-json\/wp\/v2\/tags?post=1760"}],"curies":[{"name":"wp","href":"https:\/\/api.w.org\/{rel}","templated":true}]}}